{"id":5653,"date":"2014-12-10T15:41:54","date_gmt":"2014-12-10T14:41:54","guid":{"rendered":"http:\/\/www.spazioafirenze.it\/?p=5653"},"modified":"2015-05-25T09:31:00","modified_gmt":"2015-05-25T07:31:00","slug":"conversazione-terra-ignota-attualita-del-fantasy","status":"publish","type":"post","link":"https:\/\/www.spazioafirenze.it\/?p=5653","title":{"rendered":"Conversazione: Attualit\u00e0 del fantasy"},"content":{"rendered":"<h3 style=\"text-align: left;\"><img loading=\"lazy\" decoding=\"async\" class=\"aligncenter size-full wp-image-5649\" src=\"http:\/\/www.spazioafirenze.it\/wp-content\/uploads\/TERRA-IGNOTA-invito.jpg\" alt=\"TERRA IGNOTA invito\" width=\"1170\" height=\"400\" srcset=\"https:\/\/www.spazioafirenze.it\/wp-content\/uploads\/TERRA-IGNOTA-invito.jpg 1170w, https:\/\/www.spazioafirenze.it\/wp-content\/uploads\/TERRA-IGNOTA-invito-300x102.jpg 300w, https:\/\/www.spazioafirenze.it\/wp-content\/uploads\/TERRA-IGNOTA-invito-1024x350.jpg 1024w\" sizes=\"auto, (max-width: 1170px) 100vw, 1170px\" \/><\/h3>\n<h3 style=\"text-align: left;\"><span style=\"color: #000000;\"><span style=\"color: #000000;\">Mercoled\u00ec\u00a0&#8211; 10\u00a0dicembre 2014 &#8211; ore 17.30<\/span><\/span><\/h3>\n<h1>Attualit\u00e0 del fantasy<\/h1>\n<h4 class=\"p1\">Vanni Santoni e Edoardo Rialti<\/h4>\n<p class=\"p1\">La stagione autunnale di SpazioA si \u00e8 chiusa il 10 Dicembre con una serata dedicata al \u2018Fantasy\u2019 \u2013 italiano e no &#8211; , presenti e conversanti Edoardo Rialti, uno dei pi\u00f9 esperti e attivi traduttori di fantasy anglosassone, e Vanni Santoni, uno degli scrittori a tutto tondo pi\u00f9 interessanti delle nuove generazioni, approdato agli incantesimi della letteratura fantastica dopo un intenso periodo di scrittura che non si potrebbe definire se non engag\u00e9e, politicamente schierata, civilmente irritata, socialmente percettiva, stilisticamente sperimentale. Il che gi\u00e0 la dice lunga sull\u2019argomento: ovvero, sulla fallacia di considerare il fantasy \u2018figlio di un dio minore\u2019, riservato ad autori evasivi; genere di superfluo intrattenimento, anzi, squalificato proprio dal suo essere \u2018genere\u2019, ovvero sistema di scrittura obbligato; squalifica che com\u2019\u00e8 noto il Fantasy condivide con il giallo, la detective story, la fantascienza, l\u2019horror\u2026 Introducendo la serata, Riccardo Bruscagli, nelle solite vesti di moderatore, ha voluto proprio sottolineare che si trattava di una serata intesa a difesa (se ce ne fosse bisogno) delle produzioni \u2018di \u00a0genere\u2019, non solo letterarie: esempio sommo, la parabola del cinema di Alfred Hitchkock, a lungo liquidato come di serie B, salvo essere recuperato e iconicamente riscattato dalle voci pi\u00f9 alte dell\u2019avanguardia cinematografica novecentesca. Nel corso dell\u2019incontro, Rialti (reduce dalle traduzioni per Mondadori dei fluviali tomi di Abercrombie) ha fornito un resoconto ad amplissimo raggio della fortuna\/sfortuna contemporanea del fantasy, riscattandolo una volta per tutte dall\u2019increscioso equivoco di essere considerato un genere \u2018 di destra\u2019, reazionario e anzi addirittura faascistoide (ma di questa appropriazione indebita andranno per\u00f2, ad un certo punto, meglio indagate le circostanze e i motivi). Santoni, dal canto suo, \u00e8 entrato nelle fibre del genere con la sua consueta brillantezza e acuit\u00e0 di giudizio, facendo giustizia di \u2018mode\u2019 troppo improvvisate e restituendo al vivo le motivazioni narrative, le ascendenze culturali (Calvino, Borges, Shakespeare\u2026) e le implicazioni morali della sua \u201cTerra ignota\u201d, ormai arrivata al secondo volume (fortunatissimo in libreria) e in attesa del terzo. Non ultimo divertimento della serata, ascoltare Vanni spiegare un genere \u2018esotico\u2019 come il fantasy in pretto linguaggio toscano anzi fiorentino: anche avendo a che fare con la magia, Santoni non dimentica di essere l\u2019autore di \u2018S\u2019io fossi foco arderei Firenze\u2019\u2026<\/p>\n<p class=\"p1\"><strong>Riccardo Bruscagli<\/strong><\/p>\n<p><span style=\"font-family: Verdana, Helvetica, Arial;\"><br \/>\n<\/span><\/p>\n<hr \/>\n<h3 style=\"text-align: left;\"><\/h3>\n<p class=\"p1\"><strong><em>Wednesday\u00a0&#8211; dic\u00a010th 2014 &#8211; 5.30 pm<\/em><\/strong><\/p>\n<h1>Fantasy literature today<\/h1>\n<h4 class=\"p1\"><em>Vanni Santoni and\u00a0Edoardo Rialti<\/em><\/h4>\n<p class=\"p1\">Spazio A&#8217;s fall season came to a close on December 10 with an evening focused on Italian and international fantasy literature. Taking part in the conversation were Edoardo Riati \u2014 one of the leading experts and translators of English fantasy literature, and Vanni Santoni \u2014one of the most fascinating writers of the new generation across the board. Santoni became enchanted by fantasy literature after an intense period of writing that couldn&#8217;t be called anything other than engaged, political, civilly irritated, socially perspective and stylistically experimental. This already says a lot about the point of the evening: that it is a fallacy to consider fantasy literature a &#8220;child of a lesser god,&#8221; just for escapist writers, a genre of superfluous entertainment. Indeed, it is often quickly discredited as being just a &#8220;genre,&#8221; a force writing system, just as mysteries, detective stories, science fiction, horror and the like are. In his usual role as moderator, Riccardo Bruscagli introduced the evening and underscored that its intent is to defend (should it be necessary) &#8220;genre&#8221; work in general, not just literature. A supreme example is the parable of Alfred Hitchcock&#8217;s films, long dismissed as second-tier and then discovered and redeemed as an icon by the most important voices of 20th-century avant-garde film. During the talk, Rialti \u2014\u00a0who has just translated some of Joe Abercrombie&#8217;s copious tomes for Mondadori \u2013 offered a wide-ranging overview of the contemporary fortunes and misfortunes of fantasy literature. He freed it once and for all from the creeping doubt that it should be considered a &#8220;right wing&#8221; genre, reactionary and even a bit fascist (though this undue appropriation has yet to be further explored in terms of circumstances and motives). For his part, Santoni delved into the heart of the genre with his customary acuity and brilliance, doing justice to overly improvised &#8220;fashions&#8221; and bringing to life the narrative drivers, the cultural influences (Calvino, Borges, Shakespeare\u2026)and moral implications of his &#8220;Terre Ignota,&#8221; now in its second installment (flying off the bookshelves) and awaiting the third. Among the many delights of the evening, not least was listening to Santoni explain an &#8220;exotic&#8221; genre like fantasy literature in pure Tuscan \u2014 Florentine \u2014 speech. Though Santoni deals in magic, he never forgets that he wrote <i>S\u2019io fossi foco arderei Firenze<\/i>\u2026<\/p>\n<p class=\"p1\"><em><strong>Riccardo Bruscagli<\/strong><\/em><\/p>\n<p><em>\u00a0<\/em><\/p>\n<hr \/>\n<p>&nbsp;<\/p>\n<p>&nbsp;<\/p>\n<p>&nbsp;<\/p>\n","protected":false},"excerpt":{"rendered":"<p>Attualit\u00e0 del fantasy<br \/>\n<br \/><em>Fantasy literature today<\/em><\/p>\n","protected":false},"author":2,"featured_media":5649,"comment_status":"closed","ping_status":"closed","sticky":false,"template":"","format":"standard","meta":{"footnotes":""},"categories":[42,33],"tags":[],"class_list":["post-5653","post","type-post","status-publish","format-standard","has-post-thumbnail","hentry","category-conversazioni","category-tutti-gli-eventi"],"post_mailing_queue_ids":[],"_links":{"self":[{"href":"https:\/\/www.spazioafirenze.it\/index.php?rest_route=\/wp\/v2\/posts\/5653","targetHints":{"allow":["GET"]}}],"collection":[{"href":"https:\/\/www.spazioafirenze.it\/index.php?rest_route=\/wp\/v2\/posts"}],"about":[{"href":"https:\/\/www.spazioafirenze.it\/index.php?rest_route=\/wp\/v2\/types\/post"}],"author":[{"embeddable":true,"href":"https:\/\/www.spazioafirenze.it\/index.php?rest_route=\/wp\/v2\/users\/2"}],"replies":[{"embeddable":true,"href":"https:\/\/www.spazioafirenze.it\/index.php?rest_route=%2Fwp%2Fv2%2Fcomments&post=5653"}],"version-history":[{"count":8,"href":"https:\/\/www.spazioafirenze.it\/index.php?rest_route=\/wp\/v2\/posts\/5653\/revisions"}],"predecessor-version":[{"id":6670,"href":"https:\/\/www.spazioafirenze.it\/index.php?rest_route=\/wp\/v2\/posts\/5653\/revisions\/6670"}],"wp:featuredmedia":[{"embeddable":true,"href":"https:\/\/www.spazioafirenze.it\/index.php?rest_route=\/wp\/v2\/media\/5649"}],"wp:attachment":[{"href":"https:\/\/www.spazioafirenze.it\/index.php?rest_route=%2Fwp%2Fv2%2Fmedia&parent=5653"}],"wp:term":[{"taxonomy":"category","embeddable":true,"href":"https:\/\/www.spazioafirenze.it\/index.php?rest_route=%2Fwp%2Fv2%2Fcategories&post=5653"},{"taxonomy":"post_tag","embeddable":true,"href":"https:\/\/www.spazioafirenze.it\/index.php?rest_route=%2Fwp%2Fv2%2Ftags&post=5653"}],"curies":[{"name":"wp","href":"https:\/\/api.w.org\/{rel}","templated":true}]}}