{"id":5851,"date":"2015-01-16T08:04:21","date_gmt":"2015-01-16T07:04:21","guid":{"rendered":"http:\/\/www.spazioafirenze.it\/?p=5851"},"modified":"2015-02-02T16:52:45","modified_gmt":"2015-02-02T15:52:45","slug":"costruire-larchitettura-massimiliano-giberti-compendio-di-anatomia-per-progettisti","status":"publish","type":"post","link":"https:\/\/www.spazioafirenze.it\/?p=5851","title":{"rendered":"Costruire l&#8217;architettura: Massimiliano Giberti &#8220;Compendio di Anatomia per Progettisti&#8221;"},"content":{"rendered":"<h3 class=\"p1\"><img loading=\"lazy\" decoding=\"async\" class=\"aligncenter size-full wp-image-5848\" src=\"http:\/\/www.spazioafirenze.it\/wp-content\/uploads\/Massimiliano-Giberti_invito_01.jpg\" alt=\"Massimiliano Giberti_invito_01\" width=\"1170\" height=\"400\" srcset=\"https:\/\/www.spazioafirenze.it\/wp-content\/uploads\/Massimiliano-Giberti_invito_01.jpg 1170w, https:\/\/www.spazioafirenze.it\/wp-content\/uploads\/Massimiliano-Giberti_invito_01-300x102.jpg 300w, https:\/\/www.spazioafirenze.it\/wp-content\/uploads\/Massimiliano-Giberti_invito_01-1024x350.jpg 1024w\" sizes=\"auto, (max-width: 1170px) 100vw, 1170px\" \/><\/h3>\n<h3 class=\"p1\">Venerd\u00ec &#8211; 16\u00a0gennaio 2015 &#8211;\u00a0ore 17.15<\/h3>\n<h1 style=\"text-align: left;\">Costruire l&#8217;architettura: <b>&#8220;<\/b><b>Compendio di Anatomia per Progettisti<\/b>&#8220;<\/h1>\n<h3>Massimiliano Giberti<\/h3>\n<h3><\/h3>\n<p>Con la partecipazione\u00a0di:<br \/>\n<strong>Alberto Bertagna<\/strong><br \/>\n<strong> Alessandro Bertirotti<\/strong><br \/>\n<strong> Valter Scelsi<\/strong><\/p>\n<h3><\/h3>\n<p>Il soggetto del volume Compendio di Anatomia per Progettisti, edito da Quodlibet, \u00e8 il corpo umano in architettura, o meglio, l\u2019idea che nell\u2019arco degli ultimi 20 secoli l\u2019uomo ha costruito intorno al suo stesso corpo, nel momento in cui si \u00e8 trovato nell\u2019esigenza di immaginare il proprio spazio architettonico. A partire dall\u2019antico Egitto, passando attraverso l\u2019Europa del \u2019500, il corpo umano come sede di ogni principio geometrico e primordiale unit\u00e0 di misura, \u00e8 lo strumento pi\u00f9 efficace di conoscenza del mondo esterno. Il corpo quindi progetta lo spazio e allo stesso tempo lo percepisce e lo abita: incarnando simultaneamente il ruolo di modello fisico di riferimento per la costruzione dell\u2019architettura e soggetto intelligente che la esplora, la usa e la riveste di significati potenzialmente sempre nuovi. L\u2019Anatomia come azione di taglio e scomposizione in sistemi elementari di un organismo complesso, ha l\u2019obiettivo di isolare alcune caratteristiche proprie del corpo umano e dello spazio architettonico, fotografate in precisi momenti culturali. Dal corpo misura di tutte le cose al corpo diagramma di flusso, questo volume intende sezionare le icone pi\u00f9 storicizzate e conosciute che hanno rappresentato la figura umana nell\u2019arco dei secoli, per individuare le caratteristiche proprie delle tecniche di composizione dello spazio architettonico, presenti in altrettante opere paradigmatiche coeve.<\/p>\n<hr \/>\n<h3><\/h3>\n<h3><span style=\"color: #000000;\"><em>Friday\u00a0&#8211; gen 16th 2015 &#8211; 17.15\u00a0pm<\/em><\/span><\/h3>\n<h1 class=\"p1\">Building the architecture:\u00a0<b>&#8220;<\/b><b>Compendio di Anatomia per Progettisti<\/b>&#8220;<\/h1>\n<h3 class=\"p1\"><em><b>Massimiliano Giberti<\/b><\/em><\/h3>\n<p><em><b>\u00a0<\/b><\/em><\/p>\n\n\t\t<style type=\"text\/css\">\n\t\t\t#gallery-1 {\n\t\t\t\tmargin: auto;\n\t\t\t}\n\t\t\t#gallery-1 .gallery-item {\n\t\t\t\tfloat: left;\n\t\t\t\tmargin-top: 10px;\n\t\t\t\ttext-align: center;\n\t\t\t\twidth: 25%;\n\t\t\t}\n\t\t\t#gallery-1 img {\n\t\t\t\tborder: 2px solid #cfcfcf;\n\t\t\t}\n\t\t\t#gallery-1 .gallery-caption {\n\t\t\t\tmargin-left: 0;\n\t\t\t}\n\t\t\t\/* see gallery_shortcode() in wp-includes\/media.php *\/\n\t\t<\/style>\n\t\t<div id='gallery-1' class='gallery galleryid-5851 gallery-columns-4 gallery-size-thumbnail'><dl class='gallery-item'>\n\t\t\t<dt class='gallery-icon landscape'>\n\t\t\t\t<a href='https:\/\/www.spazioafirenze.it\/wp-content\/uploads\/DSC_5444.jpg'><img loading=\"lazy\" decoding=\"async\" width=\"150\" height=\"150\" src=\"https:\/\/www.spazioafirenze.it\/wp-content\/uploads\/DSC_5444-150x150.jpg\" class=\"attachment-thumbnail size-thumbnail\" alt=\"\" aria-describedby=\"gallery-1-6354\" \/><\/a>\n\t\t\t<\/dt>\n\t\t\t\t<dd class='wp-caption-text gallery-caption' id='gallery-1-6354'>\n\t\t\t\t<h7>\u00a9 Valentina Muscedra<\/h7>\n\t\t\t\t<\/dd><\/dl><dl class='gallery-item'>\n\t\t\t<dt class='gallery-icon landscape'>\n\t\t\t\t<a href='https:\/\/www.spazioafirenze.it\/wp-content\/uploads\/DSC_5445.jpg'><img loading=\"lazy\" decoding=\"async\" width=\"150\" height=\"150\" src=\"https:\/\/www.spazioafirenze.it\/wp-content\/uploads\/DSC_5445-150x150.jpg\" class=\"attachment-thumbnail size-thumbnail\" alt=\"\" aria-describedby=\"gallery-1-6355\" \/><\/a>\n\t\t\t<\/dt>\n\t\t\t\t<dd class='wp-caption-text gallery-caption' id='gallery-1-6355'>\n\t\t\t\t<h7>\u00a9 Valentina Muscedra<\/h7>\n\t\t\t\t<\/dd><\/dl><dl class='gallery-item'>\n\t\t\t<dt class='gallery-icon landscape'>\n\t\t\t\t<a href='https:\/\/www.spazioafirenze.it\/wp-content\/uploads\/DSC_5446.jpg'><img loading=\"lazy\" decoding=\"async\" width=\"150\" height=\"150\" src=\"https:\/\/www.spazioafirenze.it\/wp-content\/uploads\/DSC_5446-150x150.jpg\" class=\"attachment-thumbnail size-thumbnail\" alt=\"\" aria-describedby=\"gallery-1-6356\" \/><\/a>\n\t\t\t<\/dt>\n\t\t\t\t<dd class='wp-caption-text gallery-caption' id='gallery-1-6356'>\n\t\t\t\t<h7>\u00a9 Valentina Muscedra<\/h7>\n\t\t\t\t<\/dd><\/dl><dl class='gallery-item'>\n\t\t\t<dt class='gallery-icon landscape'>\n\t\t\t\t<a href='https:\/\/www.spazioafirenze.it\/wp-content\/uploads\/DSC_5447.jpg'><img loading=\"lazy\" decoding=\"async\" width=\"150\" height=\"150\" src=\"https:\/\/www.spazioafirenze.it\/wp-content\/uploads\/DSC_5447-150x150.jpg\" class=\"attachment-thumbnail size-thumbnail\" alt=\"\" aria-describedby=\"gallery-1-6357\" \/><\/a>\n\t\t\t<\/dt>\n\t\t\t\t<dd class='wp-caption-text gallery-caption' id='gallery-1-6357'>\n\t\t\t\t<h7>\u00a9 Valentina Muscedra<\/h7>\n\t\t\t\t<\/dd><\/dl><br style=\"clear: both\" \/><dl class='gallery-item'>\n\t\t\t<dt class='gallery-icon landscape'>\n\t\t\t\t<a href='https:\/\/www.spazioafirenze.it\/wp-content\/uploads\/DSC_5448.jpg'><img loading=\"lazy\" decoding=\"async\" width=\"150\" height=\"150\" src=\"https:\/\/www.spazioafirenze.it\/wp-content\/uploads\/DSC_5448-150x150.jpg\" class=\"attachment-thumbnail size-thumbnail\" alt=\"\" aria-describedby=\"gallery-1-6358\" \/><\/a>\n\t\t\t<\/dt>\n\t\t\t\t<dd class='wp-caption-text gallery-caption' id='gallery-1-6358'>\n\t\t\t\t<h7>\u00a9 Valentina Muscedra<\/h7>\n\t\t\t\t<\/dd><\/dl><dl class='gallery-item'>\n\t\t\t<dt class='gallery-icon landscape'>\n\t\t\t\t<a href='https:\/\/www.spazioafirenze.it\/wp-content\/uploads\/DSC_5449.jpg'><img loading=\"lazy\" decoding=\"async\" width=\"150\" height=\"150\" src=\"https:\/\/www.spazioafirenze.it\/wp-content\/uploads\/DSC_5449-150x150.jpg\" class=\"attachment-thumbnail size-thumbnail\" alt=\"\" aria-describedby=\"gallery-1-6359\" \/><\/a>\n\t\t\t<\/dt>\n\t\t\t\t<dd class='wp-caption-text gallery-caption' id='gallery-1-6359'>\n\t\t\t\t<h7>\u00a9 Valentina Muscedra<\/h7>\n\t\t\t\t<\/dd><\/dl><dl class='gallery-item'>\n\t\t\t<dt class='gallery-icon landscape'>\n\t\t\t\t<a href='https:\/\/www.spazioafirenze.it\/wp-content\/uploads\/DSC_5450.jpg'><img loading=\"lazy\" decoding=\"async\" width=\"150\" height=\"150\" src=\"https:\/\/www.spazioafirenze.it\/wp-content\/uploads\/DSC_5450-150x150.jpg\" class=\"attachment-thumbnail size-thumbnail\" alt=\"\" aria-describedby=\"gallery-1-6360\" \/><\/a>\n\t\t\t<\/dt>\n\t\t\t\t<dd class='wp-caption-text gallery-caption' id='gallery-1-6360'>\n\t\t\t\t<h7>\u00a9 Valentina Muscedra<\/h7>\n\t\t\t\t<\/dd><\/dl><dl class='gallery-item'>\n\t\t\t<dt class='gallery-icon landscape'>\n\t\t\t\t<a href='https:\/\/www.spazioafirenze.it\/wp-content\/uploads\/DSC_5452.jpg'><img loading=\"lazy\" decoding=\"async\" width=\"150\" height=\"150\" src=\"https:\/\/www.spazioafirenze.it\/wp-content\/uploads\/DSC_5452-150x150.jpg\" class=\"attachment-thumbnail size-thumbnail\" alt=\"\" aria-describedby=\"gallery-1-6361\" \/><\/a>\n\t\t\t<\/dt>\n\t\t\t\t<dd class='wp-caption-text gallery-caption' id='gallery-1-6361'>\n\t\t\t\t<h7>\u00a9 Valentina Muscedra<\/h7>\n\t\t\t\t<\/dd><\/dl><br style=\"clear: both\" \/><dl class='gallery-item'>\n\t\t\t<dt class='gallery-icon landscape'>\n\t\t\t\t<a href='https:\/\/www.spazioafirenze.it\/wp-content\/uploads\/DSC_5454.jpg'><img loading=\"lazy\" decoding=\"async\" width=\"150\" height=\"150\" src=\"https:\/\/www.spazioafirenze.it\/wp-content\/uploads\/DSC_5454-150x150.jpg\" class=\"attachment-thumbnail size-thumbnail\" alt=\"\" aria-describedby=\"gallery-1-6362\" \/><\/a>\n\t\t\t<\/dt>\n\t\t\t\t<dd class='wp-caption-text gallery-caption' id='gallery-1-6362'>\n\t\t\t\t<h7>\u00a9 Valentina Muscedra<\/h7>\n\t\t\t\t<\/dd><\/dl><dl class='gallery-item'>\n\t\t\t<dt class='gallery-icon landscape'>\n\t\t\t\t<a href='https:\/\/www.spazioafirenze.it\/wp-content\/uploads\/DSC_5463.jpg'><img loading=\"lazy\" decoding=\"async\" width=\"150\" height=\"150\" src=\"https:\/\/www.spazioafirenze.it\/wp-content\/uploads\/DSC_5463-150x150.jpg\" class=\"attachment-thumbnail size-thumbnail\" alt=\"\" aria-describedby=\"gallery-1-6363\" \/><\/a>\n\t\t\t<\/dt>\n\t\t\t\t<dd class='wp-caption-text gallery-caption' id='gallery-1-6363'>\n\t\t\t\t<h7>\u00a9 Valentina Muscedra<\/h7>\n\t\t\t\t<\/dd><\/dl><dl class='gallery-item'>\n\t\t\t<dt class='gallery-icon landscape'>\n\t\t\t\t<a href='https:\/\/www.spazioafirenze.it\/wp-content\/uploads\/DSC_5475.jpg'><img loading=\"lazy\" decoding=\"async\" width=\"150\" height=\"150\" src=\"https:\/\/www.spazioafirenze.it\/wp-content\/uploads\/DSC_5475-150x150.jpg\" class=\"attachment-thumbnail size-thumbnail\" alt=\"\" aria-describedby=\"gallery-1-6364\" \/><\/a>\n\t\t\t<\/dt>\n\t\t\t\t<dd class='wp-caption-text gallery-caption' id='gallery-1-6364'>\n\t\t\t\t<h7>\u00a9 Valentina Muscedra<\/h7>\n\t\t\t\t<\/dd><\/dl><dl class='gallery-item'>\n\t\t\t<dt class='gallery-icon landscape'>\n\t\t\t\t<a href='https:\/\/www.spazioafirenze.it\/wp-content\/uploads\/DSC_5485.jpg'><img loading=\"lazy\" decoding=\"async\" width=\"150\" height=\"150\" src=\"https:\/\/www.spazioafirenze.it\/wp-content\/uploads\/DSC_5485-150x150.jpg\" class=\"attachment-thumbnail size-thumbnail\" alt=\"\" aria-describedby=\"gallery-1-6365\" \/><\/a>\n\t\t\t<\/dt>\n\t\t\t\t<dd class='wp-caption-text gallery-caption' id='gallery-1-6365'>\n\t\t\t\t<h7>\u00a9 Valentina Muscedra<\/h7>\n\t\t\t\t<\/dd><\/dl><br style=\"clear: both\" \/>\n\t\t<\/div>\n\n<hr \/>\n","protected":false},"excerpt":{"rendered":"<p>Costruire l&#8217;architettura: Massimiliano Giberti &#8220;Compendio di Anatomia per Progettisti&#8221;<br \/>\n<br \/><em>Building the architecture: Massimiliano Giberti &#8220;Compendio di Anatomia per Progettisti<\/em><\/p>\n","protected":false},"author":2,"featured_media":5848,"comment_status":"closed","ping_status":"closed","sticky":false,"template":"","format":"standard","meta":{"footnotes":""},"categories":[41,33],"tags":[],"class_list":["post-5851","post","type-post","status-publish","format-standard","has-post-thumbnail","hentry","category-costruire-larchitettura","category-tutti-gli-eventi"],"post_mailing_queue_ids":[],"_links":{"self":[{"href":"https:\/\/www.spazioafirenze.it\/index.php?rest_route=\/wp\/v2\/posts\/5851","targetHints":{"allow":["GET"]}}],"collection":[{"href":"https:\/\/www.spazioafirenze.it\/index.php?rest_route=\/wp\/v2\/posts"}],"about":[{"href":"https:\/\/www.spazioafirenze.it\/index.php?rest_route=\/wp\/v2\/types\/post"}],"author":[{"embeddable":true,"href":"https:\/\/www.spazioafirenze.it\/index.php?rest_route=\/wp\/v2\/users\/2"}],"replies":[{"embeddable":true,"href":"https:\/\/www.spazioafirenze.it\/index.php?rest_route=%2Fwp%2Fv2%2Fcomments&post=5851"}],"version-history":[{"count":17,"href":"https:\/\/www.spazioafirenze.it\/index.php?rest_route=\/wp\/v2\/posts\/5851\/revisions"}],"predecessor-version":[{"id":6367,"href":"https:\/\/www.spazioafirenze.it\/index.php?rest_route=\/wp\/v2\/posts\/5851\/revisions\/6367"}],"wp:featuredmedia":[{"embeddable":true,"href":"https:\/\/www.spazioafirenze.it\/index.php?rest_route=\/wp\/v2\/media\/5848"}],"wp:attachment":[{"href":"https:\/\/www.spazioafirenze.it\/index.php?rest_route=%2Fwp%2Fv2%2Fmedia&parent=5851"}],"wp:term":[{"taxonomy":"category","embeddable":true,"href":"https:\/\/www.spazioafirenze.it\/index.php?rest_route=%2Fwp%2Fv2%2Fcategories&post=5851"},{"taxonomy":"post_tag","embeddable":true,"href":"https:\/\/www.spazioafirenze.it\/index.php?rest_route=%2Fwp%2Fv2%2Ftags&post=5851"}],"curies":[{"name":"wp","href":"https:\/\/api.w.org\/{rel}","templated":true}]}}