{"id":6938,"date":"2016-01-29T08:36:28","date_gmt":"2016-01-29T07:36:28","guid":{"rendered":"http:\/\/www.spazioafirenze.it\/?p=6938"},"modified":"2016-02-03T13:17:15","modified_gmt":"2016-02-03T12:17:15","slug":"sguardi-trasversali-george-tatge-vagare-tra-caos-e-caso","status":"publish","type":"post","link":"https:\/\/www.spazioafirenze.it\/?p=6938","title":{"rendered":"George Tatge &#8211; Vagare tra Caos e Caso"},"content":{"rendered":"<h3 class=\"p1\"><img loading=\"lazy\" decoding=\"async\" class=\"aligncenter size-full wp-image-6960\" src=\"http:\/\/www.spazioafirenze.it\/wp-content\/uploads\/INVITO-George_Tatge-Fotografia3.jpg\" alt=\"INVITO-George_Tatge-Fotografia\" width=\"1170\" height=\"400\" srcset=\"https:\/\/www.spazioafirenze.it\/wp-content\/uploads\/INVITO-George_Tatge-Fotografia3.jpg 1170w, https:\/\/www.spazioafirenze.it\/wp-content\/uploads\/INVITO-George_Tatge-Fotografia3-300x102.jpg 300w, https:\/\/www.spazioafirenze.it\/wp-content\/uploads\/INVITO-George_Tatge-Fotografia3-1024x350.jpg 1024w\" sizes=\"auto, (max-width: 1170px) 100vw, 1170px\" \/><\/h3>\n<p>venerd\u00ec 29 gennaio 2016 &#8211; ore 17.30<\/p>\n<h1 style=\"text-align: left;\">George Tatge &#8211; Vagare tra Caos e Caso<\/h1>\n<p>coordina<br \/>\n<strong>Daniela Tartaglia<\/strong><\/p>\n<p><strong>\u00a0<\/strong><\/p>\n<p>Dagli inizi della mia attivit\u00e0 fotografica sono stato sempre molto attratto dall\u2019uso del mezzo per indagare nelle mie proprie coordinate psichiche. Non sono un fotografo che documenta la realt\u00e0, n\u00e9 che pretende di usarla per denunciare gli squilibri della societ\u00e0. Dopo tante battaglie per portare la Fotografia alla pari con le altre forme artistiche riconosciute istituzionalmente, mi irrita non poco la sua troppa frequente associazione con la geografia.<\/p>\n<p>\u201cDove l\u2019hai fatta?\u201d \u00e8 una domanda spesso inutile per il mio lavoro. Le buone fotografie si possono fare ovunque, anche senza andare lontano. Mi ha sempre intrigato il vagare, dovunque io sia, lasciando che sia l\u2019automatismo dello sguardo, innescato dall\u2019inconscio, a guidarmi. E il Caso \u00e8 uno dei fattori pi\u00f9 affascinanti, fondanti e propri della fotografia.<\/p>\n<p><strong>\u00a0<\/strong><\/p>\n<hr \/>\n<h3><\/h3>\n<p style=\"text-align: left;\"><em><span style=\"color: #000000;\">friday jan\u00a029 th 2016\u00a0&#8211; 17.30\u00a0pm<\/span><\/em><\/p>\n<h1 style=\"text-align: left;\"><em>George Tatge &#8211; Vagare tra Caos e Caso<\/em><\/h1>\n<p><em>coordinates<\/em><br \/>\n<em><strong>Daniela Tartaglia<\/strong><\/em><\/p>\n<p><em><b>\u00a0<\/b><\/em><\/p>\n<hr \/>\n","protected":false},"excerpt":{"rendered":"<p>George Tatge &#8211; Vagare tra Caos e Caso<br \/>\n<br \/><em>George Tatge &#8211; Vagare tra Caos e Caso<\/em><\/p>\n","protected":false},"author":2,"featured_media":6960,"comment_status":"closed","ping_status":"closed","sticky":false,"template":"","format":"standard","meta":{"footnotes":""},"categories":[47,33],"tags":[],"class_list":["post-6938","post","type-post","status-publish","format-standard","has-post-thumbnail","hentry","category-contaminazioni","category-tutti-gli-eventi"],"post_mailing_queue_ids":[],"_links":{"self":[{"href":"https:\/\/www.spazioafirenze.it\/index.php?rest_route=\/wp\/v2\/posts\/6938","targetHints":{"allow":["GET"]}}],"collection":[{"href":"https:\/\/www.spazioafirenze.it\/index.php?rest_route=\/wp\/v2\/posts"}],"about":[{"href":"https:\/\/www.spazioafirenze.it\/index.php?rest_route=\/wp\/v2\/types\/post"}],"author":[{"embeddable":true,"href":"https:\/\/www.spazioafirenze.it\/index.php?rest_route=\/wp\/v2\/users\/2"}],"replies":[{"embeddable":true,"href":"https:\/\/www.spazioafirenze.it\/index.php?rest_route=%2Fwp%2Fv2%2Fcomments&post=6938"}],"version-history":[{"count":5,"href":"https:\/\/www.spazioafirenze.it\/index.php?rest_route=\/wp\/v2\/posts\/6938\/revisions"}],"predecessor-version":[{"id":6961,"href":"https:\/\/www.spazioafirenze.it\/index.php?rest_route=\/wp\/v2\/posts\/6938\/revisions\/6961"}],"wp:featuredmedia":[{"embeddable":true,"href":"https:\/\/www.spazioafirenze.it\/index.php?rest_route=\/wp\/v2\/media\/6960"}],"wp:attachment":[{"href":"https:\/\/www.spazioafirenze.it\/index.php?rest_route=%2Fwp%2Fv2%2Fmedia&parent=6938"}],"wp:term":[{"taxonomy":"category","embeddable":true,"href":"https:\/\/www.spazioafirenze.it\/index.php?rest_route=%2Fwp%2Fv2%2Fcategories&post=6938"},{"taxonomy":"post_tag","embeddable":true,"href":"https:\/\/www.spazioafirenze.it\/index.php?rest_route=%2Fwp%2Fv2%2Ftags&post=6938"}],"curies":[{"name":"wp","href":"https:\/\/api.w.org\/{rel}","templated":true}]}}